{"id":8541,"date":"2026-09-02T06:57:52","date_gmt":"2026-09-02T06:57:52","guid":{"rendered":"https:\/\/www.seedex.it\/?p=8541"},"modified":"2026-09-02T07:11:16","modified_gmt":"2026-09-02T07:11:16","slug":"seedex-sera-present-au-tecna-2026","status":"publish","type":"post","link":"https:\/\/www.seedex.it\/fr\/eventi-e-fiere-fr\/seedex-sera-present-au-tecna-2026\/","title":{"rendered":"Seedex sera pr\u00e9sent au TECNA 2026 ! \ud83d\udccd"},"content":{"rendered":"<p data-path-to-node=\"1\">Seedex sera pr\u00e9sent au TECNA 2026 ! \ud83d\udccd<\/p>\n<p data-path-to-node=\"2\">Du <strong>22 au 25 septembre<\/strong>, nous serons \u00e0 <strong>Rimini pour le #TECNA 2026<\/strong>, le salon de r\u00e9f\u00e9rence des technologies de fabrication de la c\u00e9ramique.<\/p>\n<p data-path-to-node=\"3\">Ce sera l&#8217;occasion id\u00e9ale de pr\u00e9senter l&#8217;int\u00e9gration de Ricoth au sein de Seedex : l&#8217;alliance de 40 ans d&#8217;expertise dans l&#8217;\u00e9maillage de la c\u00e9ramique avec notre r\u00e9seau mondial pour fournir des usines cl\u00e9s en main, des pi\u00e8ces de rechange et des solutions sur mesure.<\/p>\n<p data-path-to-node=\"4\">\ud83d\udccd Hall B5 \u2014 Stand 102<\/p>\n<p data-path-to-node=\"5\">\ud83d\udce9 Envoyez-nous un e-mail pour prendre rendez-vous avec notre \u00e9quipe !<\/p>\n","protected":false},"excerpt":{"rendered":"<p>Seedex sera pr\u00e9sent au TECNA 2026 ! \ud83d\udccd Du 22 au 25 septembre, nous serons \u00e0 Rimini pour le #TECNA 2026, le salon de r\u00e9f\u00e9rence des technologies de fabrication de la c\u00e9ramique. Ce sera l&#8217;occasion id\u00e9ale de pr\u00e9senter l&#8217;int\u00e9gration de Ricoth au sein de Seedex : l&#8217;alliance de 40 ans d&#8217;expertise dans l&#8217;\u00e9maillage de la [&hellip;]<\/p>\n","protected":false},"author":1,"featured_media":8544,"comment_status":"closed","ping_status":"closed","sticky":false,"template":"","format":"standard","meta":{"_acf_changed":false,"_vp_format_video_url":"","_vp_image_focal_point":[],"footnotes":""},"categories":[970],"tags":[],"class_list":["post-8541","post","type-post","status-publish","format-standard","has-post-thumbnail","hentry","category-eventi-e-fiere-fr"],"acf":[],"_links":{"self":[{"href":"https:\/\/www.seedex.it\/fr\/wp-json\/wp\/v2\/posts\/8541"}],"collection":[{"href":"https:\/\/www.seedex.it\/fr\/wp-json\/wp\/v2\/posts"}],"about":[{"href":"https:\/\/www.seedex.it\/fr\/wp-json\/wp\/v2\/types\/post"}],"author":[{"embeddable":true,"href":"https:\/\/www.seedex.it\/fr\/wp-json\/wp\/v2\/users\/1"}],"replies":[{"embeddable":true,"href":"https:\/\/www.seedex.it\/fr\/wp-json\/wp\/v2\/comments?post=8541"}],"version-history":[{"count":3,"href":"https:\/\/www.seedex.it\/fr\/wp-json\/wp\/v2\/posts\/8541\/revisions"}],"predecessor-version":[{"id":8553,"href":"https:\/\/www.seedex.it\/fr\/wp-json\/wp\/v2\/posts\/8541\/revisions\/8553"}],"wp:featuredmedia":[{"embeddable":true,"href":"https:\/\/www.seedex.it\/fr\/wp-json\/wp\/v2\/media\/8544"}],"wp:attachment":[{"href":"https:\/\/www.seedex.it\/fr\/wp-json\/wp\/v2\/media?parent=8541"}],"wp:term":[{"taxonomy":"category","embeddable":true,"href":"https:\/\/www.seedex.it\/fr\/wp-json\/wp\/v2\/categories?post=8541"},{"taxonomy":"post_tag","embeddable":true,"href":"https:\/\/www.seedex.it\/fr\/wp-json\/wp\/v2\/tags?post=8541"}],"curies":[{"name":"wp","href":"https:\/\/api.w.org\/{rel}","templated":true}]}}