{"id":8202,"date":"2024-04-08T12:27:38","date_gmt":"2024-04-08T12:27:38","guid":{"rendered":"https:\/\/www.seedex.it\/non-classifiee\/hello-world\/"},"modified":"2025-10-27T11:57:39","modified_gmt":"2025-10-27T11:57:39","slug":"hello-world","status":"publish","type":"post","link":"https:\/\/www.seedex.it\/fr\/eventi-e-fiere-fr\/hello-world\/","title":{"rendered":"Asean Ceramics 2023"},"content":{"rendered":"<p>Asean Ceramics, le grand salon d\u00e9di\u00e9 au secteur de la c\u00e9ramique en Asie du Sud-Est, se tiendra cette ann\u00e9e \u00e0 l&#8217;International Centre for Exhibition de Hano\u00ef, au Vietnam, du 28 au 30 novembre 2023.<\/p>\r\n<p>Seedex participera \u00e0 l&#8217;\u00e9v\u00e9nement, et nous vous invitons \u00e0 venir nous rendre visite au stand G8 dans le pavillon italien. Nous aurons le plaisir de vous pr\u00e9senter nos nouveaut\u00e9s pour le laboratoire c\u00e9ramique, les consommables, les pi\u00e8ces de rechange et les technologies permettant d&#8217;am\u00e9liorer la qualit\u00e9 d&#8217;impression de vos produits.<\/p>\r\n<p>Nous vous attendons pour partager des informations et des exp\u00e9riences au stand SEEDEX \u00e0 ASEAN Ceramics (Hano\u00ef, 28-30 novembre 2023, International Centre for Exhibition), stand G8 c\/o Italian Pavilion.<\/p>","protected":false},"excerpt":{"rendered":"<p>Asean Ceramics, le grand salon d\u00e9di\u00e9 au secteur de la c\u00e9ramique en Asie du Sud-Est, se tiendra cette ann\u00e9e \u00e0 l&#8217;International Centre for Exhibition de Hano\u00ef, au Vietnam, du 28 au 30 novembre 2023. Seedex participera \u00e0 l&#8217;\u00e9v\u00e9nement, et nous vous invitons \u00e0 venir nous rendre visite au stand G8 dans le pavillon italien. Nous [&hellip;]<\/p>\n","protected":false},"author":1,"featured_media":8203,"comment_status":"closed","ping_status":"closed","sticky":false,"template":"","format":"standard","meta":{"_acf_changed":false,"_vp_format_video_url":"","_vp_image_focal_point":[],"footnotes":""},"categories":[970],"tags":[],"class_list":["post-8202","post","type-post","status-publish","format-standard","has-post-thumbnail","hentry","category-eventi-e-fiere-fr"],"acf":[],"_links":{"self":[{"href":"https:\/\/www.seedex.it\/fr\/wp-json\/wp\/v2\/posts\/8202"}],"collection":[{"href":"https:\/\/www.seedex.it\/fr\/wp-json\/wp\/v2\/posts"}],"about":[{"href":"https:\/\/www.seedex.it\/fr\/wp-json\/wp\/v2\/types\/post"}],"author":[{"embeddable":true,"href":"https:\/\/www.seedex.it\/fr\/wp-json\/wp\/v2\/users\/1"}],"replies":[{"embeddable":true,"href":"https:\/\/www.seedex.it\/fr\/wp-json\/wp\/v2\/comments?post=8202"}],"version-history":[{"count":1,"href":"https:\/\/www.seedex.it\/fr\/wp-json\/wp\/v2\/posts\/8202\/revisions"}],"predecessor-version":[{"id":8204,"href":"https:\/\/www.seedex.it\/fr\/wp-json\/wp\/v2\/posts\/8202\/revisions\/8204"}],"wp:featuredmedia":[{"embeddable":true,"href":"https:\/\/www.seedex.it\/fr\/wp-json\/wp\/v2\/media\/8203"}],"wp:attachment":[{"href":"https:\/\/www.seedex.it\/fr\/wp-json\/wp\/v2\/media?parent=8202"}],"wp:term":[{"taxonomy":"category","embeddable":true,"href":"https:\/\/www.seedex.it\/fr\/wp-json\/wp\/v2\/categories?post=8202"},{"taxonomy":"post_tag","embeddable":true,"href":"https:\/\/www.seedex.it\/fr\/wp-json\/wp\/v2\/tags?post=8202"}],"curies":[{"name":"wp","href":"https:\/\/api.w.org\/{rel}","templated":true}]}}