{"id":8192,"date":"2022-06-19T08:52:00","date_gmt":"2022-06-19T08:52:00","guid":{"rendered":"https:\/\/www.seedex.it\/non-classifiee\/tecna-expo-2022\/"},"modified":"2025-10-27T11:55:39","modified_gmt":"2025-10-27T11:55:39","slug":"tecna-expo-2022","status":"publish","type":"post","link":"https:\/\/www.seedex.it\/fr\/eventi-e-fiere-fr\/tecna-expo-2022\/","title":{"rendered":"Tecna Expo 2022"},"content":{"rendered":"<blockquote class=\"is-layout-flow wp-block-quote-is-layout-flow\"><p><strong>NOUS SERONS PR\u00c9SENTS AU SALON TECNA (EX TECNARGILLA) \u00c0 RIMINI, EN ITALIE, DU 27 AU 30 SEPTEMBRE 2022.<\/strong><\/p><\/blockquote><p>TECNA est l&#8217;\u00e9v\u00e9nement international de r\u00e9f\u00e9rence pour les professionnels du march\u00e9 et le lieu de rencontre privil\u00e9gi\u00e9 des acheteurs de l&#8217;industrie c\u00e9ramique. Un rendez-vous incontournable \u00e0 Rimini, qui marquera le v\u00e9ritable red\u00e9marrage de tous les secteurs repr\u00e9sent\u00e9s.<\/p>\n<p>Seedex sera bien s\u00fbr pr\u00e9sent avec un stand d\u00e9di\u00e9, o\u00f9 nous exposerons nos derni\u00e8res nouveaut\u00e9s en mati\u00e8re de machines et de services pour l&#8217;industrie c\u00e9ramique.<br \/>Ne manquez pas l&#8217;occasion de visiter notre stand et d&#8217;\u00e9changer avec nous ! Nous vous attendons pour vous pr\u00e9senter les nouveaut\u00e9s con\u00e7ues pour r\u00e9pondre \u00e0 vos besoins de production.<\/p>","protected":false},"excerpt":{"rendered":"<p>NOUS SERONS PR\u00c9SENTS AU SALON TECNA (EX TECNARGILLA) \u00c0 RIMINI, EN ITALIE, DU 27 AU 30 SEPTEMBRE 2022. TECNA est l&#8217;\u00e9v\u00e9nement international de r\u00e9f\u00e9rence pour les professionnels du march\u00e9 et le lieu de rencontre privil\u00e9gi\u00e9 des acheteurs de l&#8217;industrie c\u00e9ramique. Un rendez-vous incontournable \u00e0 Rimini, qui marquera le v\u00e9ritable red\u00e9marrage de tous les secteurs repr\u00e9sent\u00e9s. [&hellip;]<\/p>\n","protected":false},"author":1,"featured_media":8193,"comment_status":"closed","ping_status":"closed","sticky":false,"template":"","format":"standard","meta":{"_acf_changed":false,"_vp_format_video_url":"","_vp_image_focal_point":[],"footnotes":""},"categories":[970],"tags":[],"class_list":["post-8192","post","type-post","status-publish","format-standard","has-post-thumbnail","hentry","category-eventi-e-fiere-fr"],"acf":[],"_links":{"self":[{"href":"https:\/\/www.seedex.it\/fr\/wp-json\/wp\/v2\/posts\/8192"}],"collection":[{"href":"https:\/\/www.seedex.it\/fr\/wp-json\/wp\/v2\/posts"}],"about":[{"href":"https:\/\/www.seedex.it\/fr\/wp-json\/wp\/v2\/types\/post"}],"author":[{"embeddable":true,"href":"https:\/\/www.seedex.it\/fr\/wp-json\/wp\/v2\/users\/1"}],"replies":[{"embeddable":true,"href":"https:\/\/www.seedex.it\/fr\/wp-json\/wp\/v2\/comments?post=8192"}],"version-history":[{"count":3,"href":"https:\/\/www.seedex.it\/fr\/wp-json\/wp\/v2\/posts\/8192\/revisions"}],"predecessor-version":[{"id":8196,"href":"https:\/\/www.seedex.it\/fr\/wp-json\/wp\/v2\/posts\/8192\/revisions\/8196"}],"wp:featuredmedia":[{"embeddable":true,"href":"https:\/\/www.seedex.it\/fr\/wp-json\/wp\/v2\/media\/8193"}],"wp:attachment":[{"href":"https:\/\/www.seedex.it\/fr\/wp-json\/wp\/v2\/media?parent=8192"}],"wp:term":[{"taxonomy":"category","embeddable":true,"href":"https:\/\/www.seedex.it\/fr\/wp-json\/wp\/v2\/categories?post=8192"},{"taxonomy":"post_tag","embeddable":true,"href":"https:\/\/www.seedex.it\/fr\/wp-json\/wp\/v2\/tags?post=8192"}],"curies":[{"name":"wp","href":"https:\/\/api.w.org\/{rel}","templated":true}]}}