{"id":8540,"date":"2026-09-02T06:57:52","date_gmt":"2026-09-02T06:57:52","guid":{"rendered":"https:\/\/www.seedex.it\/?p=8540"},"modified":"2026-09-02T07:12:21","modified_gmt":"2026-09-02T07:12:21","slug":"seedex-estara-en-tecna-2026","status":"publish","type":"post","link":"https:\/\/www.seedex.it\/es\/eventi-e-fiere-es\/seedex-estara-en-tecna-2026\/","title":{"rendered":"\u00a1Seedex estar\u00e1 en TECNA 2026! \ud83d\udccd"},"content":{"rendered":"<p data-path-to-node=\"8\">\u00a1Seedex estar\u00e1 en TECNA 2026! \ud83d\udccd<\/p>\n<p data-path-to-node=\"9\">Del <strong>22 al 25 de septiembre<\/strong> estaremos en <strong>R\u00edmini para #TECNA 2026<\/strong>, la feria de referencia en tecnolog\u00edas para la fabricaci\u00f3n de cer\u00e1mica.<\/p>\n<p data-path-to-node=\"10\">Ser\u00e1 la oportunidad perfecta para presentar la integraci\u00f3n de Ricoth en Seedex: combinando 40 a\u00f1os de experiencia en esmaltado cer\u00e1mico con nuestra red global para ofrecer plantas llave en mano, repuestos y soluciones personalizadas.<\/p>\n<p data-path-to-node=\"11\">\ud83d\udccd Pabell\u00f3n B5 \u2014 Stand 102<\/p>\n<p data-path-to-node=\"12\">\ud83d\udce9 \u00a1Env\u00edanos un correo electr\u00f3nico para concertar una reuni\u00f3n con nuestro equipo!<\/p>\n","protected":false},"excerpt":{"rendered":"<p>\u00a1Seedex estar\u00e1 en TECNA 2026! \ud83d\udccd Del 22 al 25 de septiembre estaremos en R\u00edmini para #TECNA 2026, la feria de referencia en tecnolog\u00edas para la fabricaci\u00f3n de cer\u00e1mica. Ser\u00e1 la oportunidad perfecta para presentar la integraci\u00f3n de Ricoth en Seedex: combinando 40 a\u00f1os de experiencia en esmaltado cer\u00e1mico con nuestra red global para ofrecer [&hellip;]<\/p>\n","protected":false},"author":1,"featured_media":8545,"comment_status":"closed","ping_status":"closed","sticky":false,"template":"","format":"standard","meta":{"_acf_changed":false,"_vp_format_video_url":"","_vp_image_focal_point":[],"footnotes":""},"categories":[971],"tags":[],"class_list":["post-8540","post","type-post","status-publish","format-standard","has-post-thumbnail","hentry","category-eventi-e-fiere-es"],"acf":[],"_links":{"self":[{"href":"https:\/\/www.seedex.it\/es\/wp-json\/wp\/v2\/posts\/8540"}],"collection":[{"href":"https:\/\/www.seedex.it\/es\/wp-json\/wp\/v2\/posts"}],"about":[{"href":"https:\/\/www.seedex.it\/es\/wp-json\/wp\/v2\/types\/post"}],"author":[{"embeddable":true,"href":"https:\/\/www.seedex.it\/es\/wp-json\/wp\/v2\/users\/1"}],"replies":[{"embeddable":true,"href":"https:\/\/www.seedex.it\/es\/wp-json\/wp\/v2\/comments?post=8540"}],"version-history":[{"count":3,"href":"https:\/\/www.seedex.it\/es\/wp-json\/wp\/v2\/posts\/8540\/revisions"}],"predecessor-version":[{"id":8555,"href":"https:\/\/www.seedex.it\/es\/wp-json\/wp\/v2\/posts\/8540\/revisions\/8555"}],"wp:featuredmedia":[{"embeddable":true,"href":"https:\/\/www.seedex.it\/es\/wp-json\/wp\/v2\/media\/8545"}],"wp:attachment":[{"href":"https:\/\/www.seedex.it\/es\/wp-json\/wp\/v2\/media?parent=8540"}],"wp:term":[{"taxonomy":"category","embeddable":true,"href":"https:\/\/www.seedex.it\/es\/wp-json\/wp\/v2\/categories?post=8540"},{"taxonomy":"post_tag","embeddable":true,"href":"https:\/\/www.seedex.it\/es\/wp-json\/wp\/v2\/tags?post=8540"}],"curies":[{"name":"wp","href":"https:\/\/api.w.org\/{rel}","templated":true}]}}