{"id":8198,"date":"2022-06-19T08:52:00","date_gmt":"2022-06-19T08:52:00","guid":{"rendered":"https:\/\/www.seedex.it\/sin-categorizar\/tecna-expo-2022\/"},"modified":"2025-10-27T11:56:51","modified_gmt":"2025-10-27T11:56:51","slug":"tecna-expo-2022","status":"publish","type":"post","link":"https:\/\/www.seedex.it\/es\/eventi-e-fiere-es\/tecna-expo-2022\/","title":{"rendered":"Tecna Expo 2022"},"content":{"rendered":"<blockquote class=\"wp-block-quote is-layout-flow wp-block-quote-is-layout-flow\"><p><strong>ESTAREMOS PRESENTES EN LA FERIA TECNA (ANTIGUA TECNARGILLA) DE R\u00cdMINI, ITALIA, DEL 27 AL 30 DE SEPTIEMBRE DE 2022<\/strong><\/p><\/blockquote><p>TECNA es el evento de referencia a nivel internacional para los profesionales del mercado y un lugar de encuentro privilegiado para los compradores de la industria cer\u00e1mica. Una cita ineludible en R\u00edmini, que marcar\u00e1 el verdadero reinicio para todos los sectores representados.<\/p>\r\n<p>En Seedex estaremos presentes, por supuesto, con un stand dedicado, donde expondremos nuestras \u00faltimas novedades en t\u00e9rminos de maquinaria y servicios para la industria cer\u00e1mica.<br \/>\u00a1No pierda la oportunidad de visitar nuestro stand e interactuar con nosotros! Le esperamos para mostrarle las novedades dise\u00f1adas para satisfacer sus necesidades de producci\u00f3n.<\/p>","protected":false},"excerpt":{"rendered":"<p>ESTAREMOS PRESENTES EN LA FERIA TECNA (ANTIGUA TECNARGILLA) DE R\u00cdMINI, ITALIA, DEL 27 AL 30 DE SEPTIEMBRE DE 2022 TECNA es el evento de referencia a nivel internacional para los profesionales del mercado y un lugar de encuentro privilegiado para los compradores de la industria cer\u00e1mica. Una cita ineludible en R\u00edmini, que marcar\u00e1 el verdadero [&hellip;]<\/p>\n","protected":false},"author":1,"featured_media":8199,"comment_status":"closed","ping_status":"closed","sticky":false,"template":"","format":"standard","meta":{"_acf_changed":false,"_vp_format_video_url":"","_vp_image_focal_point":[],"footnotes":""},"categories":[971],"tags":[],"class_list":["post-8198","post","type-post","status-publish","format-standard","has-post-thumbnail","hentry","category-eventi-e-fiere-es"],"acf":[],"_links":{"self":[{"href":"https:\/\/www.seedex.it\/es\/wp-json\/wp\/v2\/posts\/8198"}],"collection":[{"href":"https:\/\/www.seedex.it\/es\/wp-json\/wp\/v2\/posts"}],"about":[{"href":"https:\/\/www.seedex.it\/es\/wp-json\/wp\/v2\/types\/post"}],"author":[{"embeddable":true,"href":"https:\/\/www.seedex.it\/es\/wp-json\/wp\/v2\/users\/1"}],"replies":[{"embeddable":true,"href":"https:\/\/www.seedex.it\/es\/wp-json\/wp\/v2\/comments?post=8198"}],"version-history":[{"count":1,"href":"https:\/\/www.seedex.it\/es\/wp-json\/wp\/v2\/posts\/8198\/revisions"}],"predecessor-version":[{"id":8200,"href":"https:\/\/www.seedex.it\/es\/wp-json\/wp\/v2\/posts\/8198\/revisions\/8200"}],"wp:featuredmedia":[{"embeddable":true,"href":"https:\/\/www.seedex.it\/es\/wp-json\/wp\/v2\/media\/8199"}],"wp:attachment":[{"href":"https:\/\/www.seedex.it\/es\/wp-json\/wp\/v2\/media?parent=8198"}],"wp:term":[{"taxonomy":"category","embeddable":true,"href":"https:\/\/www.seedex.it\/es\/wp-json\/wp\/v2\/categories?post=8198"},{"taxonomy":"post_tag","embeddable":true,"href":"https:\/\/www.seedex.it\/es\/wp-json\/wp\/v2\/tags?post=8198"}],"curies":[{"name":"wp","href":"https:\/\/api.w.org\/{rel}","templated":true}]}}